{"id":418,"date":"2025-11-25T07:32:55","date_gmt":"2025-11-25T07:32:55","guid":{"rendered":"https:\/\/metate.fi\/metate\/?p=418"},"modified":"2026-01-16T15:40:04","modified_gmt":"2026-01-16T15:40:04","slug":"kierratys-ja-jatteiden-lajittelu-messukeskuksessa","status":"publish","type":"post","link":"https:\/\/metate.fi\/metate\/kierratys-ja-jatteiden-lajittelu-messukeskuksessa\/","title":{"rendered":"Kierr\u00e4tys ja j\u00e4tteiden lajittelu Messukeskuksessa"},"content":{"rendered":"<h3 class=\"em-block-faq-accordion-item__title-wrapper\"><button class=\"em-block-faq-accordion-item__title js-faq-accordion-controller\" aria-controls=\"faq-accordion-item-content-34\" aria-expanded=\"true\">Kierr\u00e4tys ja j\u00e4tteiden lajittelu<\/button><\/h3>\n<div id=\"faq-accordion-item-content-34\" class=\"em-block-faq-accordion-item__content js-faq-accordion-content\" aria-hidden=\"false\">\n<h3 class=\"wp-block-heading\"><strong>J\u00e4tehuolto Messukeskuksessa ja osastopaikan luovutus\u00a0tapahtuman p\u00e4\u00e4ttyess\u00e4<\/strong><\/h3>\n<p>T\u00e4\u00e4lt\u00e4 l\u00f6yd\u00e4t ohjeet kierr\u00e4tykseen ja j\u00e4tteiden lajitteluun Messukeskuksessa<\/p>\n<p><a href=\"https:\/\/www.messukeskus.com\/naytteilleasettajalle\/ohjeet-ja-luvat\/#kierratys-ja-jatteiden-lajittelu\" target=\"_blank\" rel=\"noopener\">OHJEET<\/a><\/p>\n<p>Mik\u00e4li tilaat j\u00e4tteiden poisviennin SOL Palveluilta, l\u00f6yd\u00e4t sopimuksen t\u00e4\u00e4lt\u00e4<\/p>\n<p><a href=\"https:\/\/metate.fi\/metate\/wp-content\/uploads\/2025\/11\/Osastorakenteiden-jatehuoltosopimus-2025-2026-1.pdf\" target=\"_blank\" rel=\"noopener\">SOL Palvelut \u2013 Osastorakenteiden ja\u0308tehuoltosopimus 2025-2026<\/a><\/p>\n<\/div>\n","protected":false},"excerpt":{"rendered":"<p>Kierr\u00e4tys ja j\u00e4tteiden lajittelu J\u00e4tehuolto Messukeskuksessa ja osastopaikan luovutus\u00a0tapahtuman p\u00e4\u00e4ttyess\u00e4 T\u00e4\u00e4lt\u00e4 l\u00f6yd\u00e4t ohjeet kierr\u00e4tykseen ja j\u00e4tteiden lajitteluun Messukeskuksessa OHJEET Mik\u00e4li tilaat j\u00e4tteiden poisviennin SOL Palveluilta, l\u00f6yd\u00e4t sopimuksen t\u00e4\u00e4lt\u00e4 SOL Palvelut \u2013 Osastorakenteiden ja\u0308tehuoltosopimus 2025-2026<\/p>\n","protected":false},"author":2,"featured_media":0,"comment_status":"closed","ping_status":"closed","sticky":false,"template":"","format":"standard","meta":{"_acf_changed":false,"footnotes":""},"categories":[6,4,1],"tags":[],"class_list":["post-418","post","type-post","status-publish","format-standard","hentry","category-ajankohtaista","category-messuilla-nahtya","category-uncategorized"],"acf":[],"_links":{"self":[{"href":"https:\/\/metate.fi\/metate\/wp-json\/wp\/v2\/posts\/418","targetHints":{"allow":["GET"]}}],"collection":[{"href":"https:\/\/metate.fi\/metate\/wp-json\/wp\/v2\/posts"}],"about":[{"href":"https:\/\/metate.fi\/metate\/wp-json\/wp\/v2\/types\/post"}],"author":[{"embeddable":true,"href":"https:\/\/metate.fi\/metate\/wp-json\/wp\/v2\/users\/2"}],"replies":[{"embeddable":true,"href":"https:\/\/metate.fi\/metate\/wp-json\/wp\/v2\/comments?post=418"}],"version-history":[{"count":4,"href":"https:\/\/metate.fi\/metate\/wp-json\/wp\/v2\/posts\/418\/revisions"}],"predecessor-version":[{"id":424,"href":"https:\/\/metate.fi\/metate\/wp-json\/wp\/v2\/posts\/418\/revisions\/424"}],"wp:attachment":[{"href":"https:\/\/metate.fi\/metate\/wp-json\/wp\/v2\/media?parent=418"}],"wp:term":[{"taxonomy":"category","embeddable":true,"href":"https:\/\/metate.fi\/metate\/wp-json\/wp\/v2\/categories?post=418"},{"taxonomy":"post_tag","embeddable":true,"href":"https:\/\/metate.fi\/metate\/wp-json\/wp\/v2\/tags?post=418"}],"curies":[{"name":"wp","href":"https:\/\/api.w.org\/{rel}","templated":true}]}}