{"id":430,"date":"2025-12-16T11:29:19","date_gmt":"2025-12-16T11:29:19","guid":{"rendered":"https:\/\/metate.fi\/metate\/?p=430"},"modified":"2026-01-16T15:42:28","modified_gmt":"2026-01-16T15:42:28","slug":"ffcr-2026-tapahtuman-karttaan-tullut-muutoksia-osastojen-numeroihin-ja-muotoihin","status":"publish","type":"post","link":"https:\/\/metate.fi\/metate\/ffcr-2026-tapahtuman-karttaan-tullut-muutoksia-osastojen-numeroihin-ja-muotoihin\/","title":{"rendered":"FFCR 2026 tapahtuman karttaan tullut muutoksia osastojen numeroihin ja muotoihin!"},"content":{"rendered":"<p><img loading=\"lazy\" decoding=\"async\" class=\"alignnone size-medium wp-image-431\" src=\"https:\/\/metate.fi\/metate\/wp-content\/uploads\/2025\/12\/FFCR2025-300x113.jpg\" alt=\"\" width=\"300\" height=\"113\" srcset=\"https:\/\/metate.fi\/metate\/wp-content\/uploads\/2025\/12\/FFCR2025-300x113.jpg 300w, https:\/\/metate.fi\/metate\/wp-content\/uploads\/2025\/12\/FFCR2025-768x290.jpg 768w, https:\/\/metate.fi\/metate\/wp-content\/uploads\/2025\/12\/FFCR2025.jpg 970w\" sizes=\"auto, (max-width: 300px) 100vw, 300px\" \/>Tammikuussa Messukeskuksessa pidett\u00e4v\u00e4n FFCR 2026 tapahtuman karttaan on tullut muutoksia osastojen numeroihin ja muotoihin. T\u00e4st\u00e4 syyst\u00e4 olisi hyv\u00e4, ett\u00e4 kaikki, jotka ovat tulossa sinne rakentamaan, tarkistaisivat osastojen tilanteen. Muutokset ovat j\u00e4rjest\u00e4j\u00e4n tekemi\u00e4.<\/p>\n","protected":false},"excerpt":{"rendered":"<p>Tammikuussa Messukeskuksessa pidett\u00e4v\u00e4n FFCR 2026 tapahtuman karttaan on tullut muutoksia osastojen numeroihin ja muotoihin. T\u00e4st\u00e4 syyst\u00e4 olisi hyv\u00e4, ett\u00e4 kaikki, jotka ovat tulossa sinne rakentamaan, tarkistaisivat osastojen tilanteen. Muutokset ovat j\u00e4rjest\u00e4j\u00e4n tekemi\u00e4.<\/p>\n","protected":false},"author":2,"featured_media":0,"comment_status":"closed","ping_status":"closed","sticky":false,"template":"","format":"standard","meta":{"_acf_changed":false,"footnotes":""},"categories":[6],"tags":[],"class_list":["post-430","post","type-post","status-publish","format-standard","hentry","category-ajankohtaista"],"acf":[],"_links":{"self":[{"href":"https:\/\/metate.fi\/metate\/wp-json\/wp\/v2\/posts\/430","targetHints":{"allow":["GET"]}}],"collection":[{"href":"https:\/\/metate.fi\/metate\/wp-json\/wp\/v2\/posts"}],"about":[{"href":"https:\/\/metate.fi\/metate\/wp-json\/wp\/v2\/types\/post"}],"author":[{"embeddable":true,"href":"https:\/\/metate.fi\/metate\/wp-json\/wp\/v2\/users\/2"}],"replies":[{"embeddable":true,"href":"https:\/\/metate.fi\/metate\/wp-json\/wp\/v2\/comments?post=430"}],"version-history":[{"count":2,"href":"https:\/\/metate.fi\/metate\/wp-json\/wp\/v2\/posts\/430\/revisions"}],"predecessor-version":[{"id":433,"href":"https:\/\/metate.fi\/metate\/wp-json\/wp\/v2\/posts\/430\/revisions\/433"}],"wp:attachment":[{"href":"https:\/\/metate.fi\/metate\/wp-json\/wp\/v2\/media?parent=430"}],"wp:term":[{"taxonomy":"category","embeddable":true,"href":"https:\/\/metate.fi\/metate\/wp-json\/wp\/v2\/categories?post=430"},{"taxonomy":"post_tag","embeddable":true,"href":"https:\/\/metate.fi\/metate\/wp-json\/wp\/v2\/tags?post=430"}],"curies":[{"name":"wp","href":"https:\/\/api.w.org\/{rel}","templated":true}]}}